{"id":199,"date":"2015-08-27T20:45:04","date_gmt":"2015-08-27T20:45:04","guid":{"rendered":"http:\/\/format1.apps-1and1.net\/?p=199"},"modified":"2021-01-14T09:46:43","modified_gmt":"2021-01-14T09:46:43","slug":"przebudowa-biblioteki-karkonoskiej-panstwowej-szkoly-wyzszej","status":"publish","type":"post","link":"https:\/\/ppformat.pl\/?p=199","title":{"rendered":"Przebudowa fasady biblioteki Karkonoskiej Pa\u0144stwowej Szko\u0142y Wy\u017cszej"},"content":{"rendered":"<p>Projekt przebudowy strefy szklanej fasady\u00a0biblioteki\u00a0Karkonoskiej Pa\u0144stwowej Szko\u0142y Wy\u017cszej w Jeleniej G\u00f3rze. Wybudowana kilka lat wcze\u015bniej\u00a0fasada szklana posiada wady budowlane, kt\u00f3re zakwalifikowa\u0142y j\u0105 do wymiany. Zaprojektowali\u015bmy now\u0105 fasad\u0119 w zmienionej technologii, zmniejszaj\u0105c wielko\u015b\u0107 przeszkle\u0144 dla oszcz\u0119dno\u015bci energii potrzebnej do ogrzania budynku oraz w celu ograniczenia przegrzewania si\u0119 budynku w miesi\u0105cach letnich. Zachowano reprezentacyjny charakter strefy wej\u015bciowej, podkre\u015blaj\u0105c nowoczesny charakter jeleniog\u00f3rskiej szko\u0142y wy\u017cszej.<\/p>\n<p><img loading=\"lazy\" decoding=\"async\" class=\"alignnone size-full wp-image-583\" src=\"http:\/\/ppformat.pl\/wp-content\/uploads\/2015\/08\/uj\u0119cie-z-lotu-1-1.png\" alt=\"\" width=\"1000\" height=\"1000\" srcset=\"https:\/\/ppformat.pl\/wp-content\/uploads\/2015\/08\/uj\u0119cie-z-lotu-1-1.png 1000w, https:\/\/ppformat.pl\/wp-content\/uploads\/2015\/08\/uj\u0119cie-z-lotu-1-1-150x150.png 150w, https:\/\/ppformat.pl\/wp-content\/uploads\/2015\/08\/uj\u0119cie-z-lotu-1-1-300x300.png 300w, https:\/\/ppformat.pl\/wp-content\/uploads\/2015\/08\/uj\u0119cie-z-lotu-1-1-768x768.png 768w\" sizes=\"auto, (max-width: 1000px) 100vw, 1000px\" \/> <img loading=\"lazy\" decoding=\"async\" class=\"alignnone size-large wp-image-584\" src=\"http:\/\/ppformat.pl\/wp-content\/uploads\/2015\/08\/uj\u0119cie-z-lotu-2-1.png\" alt=\"\" width=\"1000\" height=\"1000\" srcset=\"https:\/\/ppformat.pl\/wp-content\/uploads\/2015\/08\/uj\u0119cie-z-lotu-2-1.png 1000w, https:\/\/ppformat.pl\/wp-content\/uploads\/2015\/08\/uj\u0119cie-z-lotu-2-1-150x150.png 150w, https:\/\/ppformat.pl\/wp-content\/uploads\/2015\/08\/uj\u0119cie-z-lotu-2-1-300x300.png 300w, https:\/\/ppformat.pl\/wp-content\/uploads\/2015\/08\/uj\u0119cie-z-lotu-2-1-768x768.png 768w\" sizes=\"auto, (max-width: 1000px) 100vw, 1000px\" \/> <img loading=\"lazy\" decoding=\"async\" class=\"alignnone size-large wp-image-585\" src=\"http:\/\/ppformat.pl\/wp-content\/uploads\/2015\/08\/noc-2-2-1.jpg\" alt=\"\" width=\"1000\" height=\"1000\" srcset=\"https:\/\/ppformat.pl\/wp-content\/uploads\/2015\/08\/noc-2-2-1.jpg 1000w, https:\/\/ppformat.pl\/wp-content\/uploads\/2015\/08\/noc-2-2-1-150x150.jpg 150w, https:\/\/ppformat.pl\/wp-content\/uploads\/2015\/08\/noc-2-2-1-300x300.jpg 300w, https:\/\/ppformat.pl\/wp-content\/uploads\/2015\/08\/noc-2-2-1-768x768.jpg 768w\" sizes=\"auto, (max-width: 1000px) 100vw, 1000px\" \/> <img loading=\"lazy\" decoding=\"async\" class=\"alignnone size-full wp-image-586\" src=\"http:\/\/ppformat.pl\/wp-content\/uploads\/2015\/08\/noc-1-4-1.jpg\" alt=\"\" width=\"1000\" height=\"750\" srcset=\"https:\/\/ppformat.pl\/wp-content\/uploads\/2015\/08\/noc-1-4-1.jpg 1000w, https:\/\/ppformat.pl\/wp-content\/uploads\/2015\/08\/noc-1-4-1-300x225.jpg 300w, https:\/\/ppformat.pl\/wp-content\/uploads\/2015\/08\/noc-1-4-1-768x576.jpg 768w\" sizes=\"auto, (max-width: 1000px) 100vw, 1000px\" \/> <img loading=\"lazy\" decoding=\"async\" class=\"alignnone size-large wp-image-587\" src=\"http:\/\/ppformat.pl\/wp-content\/uploads\/2015\/08\/z-przodu-1-1.jpg\" alt=\"\" width=\"1000\" height=\"750\" srcset=\"https:\/\/ppformat.pl\/wp-content\/uploads\/2015\/08\/z-przodu-1-1.jpg 1000w, https:\/\/ppformat.pl\/wp-content\/uploads\/2015\/08\/z-przodu-1-1-300x225.jpg 300w, https:\/\/ppformat.pl\/wp-content\/uploads\/2015\/08\/z-przodu-1-1-768x576.jpg 768w\" sizes=\"auto, (max-width: 1000px) 100vw, 1000px\" \/><\/p>\n","protected":false},"excerpt":{"rendered":"<p>Projekt przebudowy strefy szklanej fasady\u00a0biblioteki\u00a0Karkonoskiej Pa\u0144stwowej Szko\u0142y Wy\u017cszej w Jeleniej G\u00f3rze. Wybudowana kilka lat wcze\u015bniej\u00a0fasada szklana posiada wady budowlane, kt\u00f3re zakwalifikowa\u0142y j\u0105 do wymiany. Zaprojektowali\u015bmy now\u0105 fasad\u0119 w zmienionej technologii, zmniejszaj\u0105c wielko\u015b\u0107 przeszkle\u0144 dla oszcz\u0119dno\u015bci energii potrzebnej do ogrzania budynku oraz w celu ograniczenia przegrzewania si\u0119 budynku w miesi\u0105cach letnich. Zachowano reprezentacyjny charakter strefy wej\u015bciowej, [&hellip;]<\/p>\n","protected":false},"author":1,"featured_media":586,"comment_status":"closed","ping_status":"closed","sticky":false,"template":"","format":"standard","meta":{"footnotes":""},"categories":[2,8],"tags":[],"class_list":["post-199","post","type-post","status-publish","format-standard","has-post-thumbnail","hentry","category-budynki-uzytecznosci-publicznej","category-szkoly-i-przedszkola"],"jetpack_featured_media_url":"https:\/\/ppformat.pl\/wp-content\/uploads\/2015\/08\/noc-1-4-1.jpg","_links":{"self":[{"href":"https:\/\/ppformat.pl\/index.php?rest_route=\/wp\/v2\/posts\/199","targetHints":{"allow":["GET"]}}],"collection":[{"href":"https:\/\/ppformat.pl\/index.php?rest_route=\/wp\/v2\/posts"}],"about":[{"href":"https:\/\/ppformat.pl\/index.php?rest_route=\/wp\/v2\/types\/post"}],"author":[{"embeddable":true,"href":"https:\/\/ppformat.pl\/index.php?rest_route=\/wp\/v2\/users\/1"}],"replies":[{"embeddable":true,"href":"https:\/\/ppformat.pl\/index.php?rest_route=%2Fwp%2Fv2%2Fcomments&post=199"}],"version-history":[{"count":2,"href":"https:\/\/ppformat.pl\/index.php?rest_route=\/wp\/v2\/posts\/199\/revisions"}],"predecessor-version":[{"id":589,"href":"https:\/\/ppformat.pl\/index.php?rest_route=\/wp\/v2\/posts\/199\/revisions\/589"}],"wp:featuredmedia":[{"embeddable":true,"href":"https:\/\/ppformat.pl\/index.php?rest_route=\/wp\/v2\/media\/586"}],"wp:attachment":[{"href":"https:\/\/ppformat.pl\/index.php?rest_route=%2Fwp%2Fv2%2Fmedia&parent=199"}],"wp:term":[{"taxonomy":"category","embeddable":true,"href":"https:\/\/ppformat.pl\/index.php?rest_route=%2Fwp%2Fv2%2Fcategories&post=199"},{"taxonomy":"post_tag","embeddable":true,"href":"https:\/\/ppformat.pl\/index.php?rest_route=%2Fwp%2Fv2%2Ftags&post=199"}],"curies":[{"name":"wp","href":"https:\/\/api.w.org\/{rel}","templated":true}]}}