{"id":233,"date":"2015-08-27T21:26:35","date_gmt":"2015-08-27T21:26:35","guid":{"rendered":"http:\/\/format1.apps-1and1.net\/?p=233"},"modified":"2021-01-14T09:46:29","modified_gmt":"2021-01-14T09:46:29","slug":"sad-w-zielonej-gorze","status":"publish","type":"post","link":"https:\/\/ppformat.pl\/?p=233","title":{"rendered":"S\u0105d w Zielonej G\u00f3rze"},"content":{"rendered":"<p>S\u0105dy Rejonowy i Okr\u0119gowy\u00a0potrzebowa\u0142y nowej plac\u00f3wki. Wybrano niewielk\u0105 dzia\u0142k\u0119 w centrum miasta, przy placu, gdzie mieszcz\u0105 si\u0119 inne instytucje miejskie. Bogaty program funkcjonalny wym\u00f3g\u0142 zaprojektowanie wielokondygnacyjnego budynku, kt\u00f3rego wielko\u015b\u0107 mog\u0142a wywo\u0142a\u0107 niepok\u00f3j w\u015br\u00f3d przechodni\u00f3w. Obni\u017cyli\u015bmy wizualnie budynek poprzez wykonanie dw\u00f3ch najwy\u017cszych kondygnacji ca\u0142kowicie przeszklonych oraz przez za\u0142amanie ich fasady. Monumentalny charakter zapewniaj\u0105 jednolite elewacje ni\u017cszych kondygnacji z nawi\u0105zaniem do otaczaj\u0105cej renesansowej zabudowy poprzez wielki porz\u0105dek (po\u0142\u0105czenie pilastr\u00f3w na dw\u00f3ch pierwszych kondygnacjach) oraz portyk znajduj\u0105cy si\u0119 przy wej\u015bciu.<\/p>\n<p><img loading=\"lazy\" decoding=\"async\" class=\"alignnone size-full wp-image-240\" src=\"http:\/\/ppformat.pl\/wp-content\/uploads\/2015\/08\/f-wid4.jpg\" alt=\"\" width=\"1000\" height=\"1000\" srcset=\"https:\/\/ppformat.pl\/wp-content\/uploads\/2015\/08\/f-wid4.jpg 1000w, https:\/\/ppformat.pl\/wp-content\/uploads\/2015\/08\/f-wid4-150x150.jpg 150w, https:\/\/ppformat.pl\/wp-content\/uploads\/2015\/08\/f-wid4-300x300.jpg 300w, https:\/\/ppformat.pl\/wp-content\/uploads\/2015\/08\/f-wid4-768x768.jpg 768w, https:\/\/ppformat.pl\/wp-content\/uploads\/2015\/08\/f-wid4-100x100.jpg 100w\" sizes=\"auto, (max-width: 1000px) 100vw, 1000px\" \/> <img loading=\"lazy\" decoding=\"async\" class=\"alignnone size-large wp-image-239\" src=\"http:\/\/ppformat.pl\/wp-content\/uploads\/2015\/08\/f-wid3.jpg\" alt=\"\" width=\"1000\" height=\"1000\" srcset=\"https:\/\/ppformat.pl\/wp-content\/uploads\/2015\/08\/f-wid3.jpg 1000w, https:\/\/ppformat.pl\/wp-content\/uploads\/2015\/08\/f-wid3-150x150.jpg 150w, https:\/\/ppformat.pl\/wp-content\/uploads\/2015\/08\/f-wid3-300x300.jpg 300w, https:\/\/ppformat.pl\/wp-content\/uploads\/2015\/08\/f-wid3-768x768.jpg 768w, https:\/\/ppformat.pl\/wp-content\/uploads\/2015\/08\/f-wid3-100x100.jpg 100w\" sizes=\"auto, (max-width: 1000px) 100vw, 1000px\" \/> <img loading=\"lazy\" decoding=\"async\" class=\"alignnone size-large wp-image-238\" src=\"http:\/\/ppformat.pl\/wp-content\/uploads\/2015\/08\/f-Wid1.jpg\" alt=\"\" width=\"1000\" height=\"595\" srcset=\"https:\/\/ppformat.pl\/wp-content\/uploads\/2015\/08\/f-Wid1.jpg 1000w, https:\/\/ppformat.pl\/wp-content\/uploads\/2015\/08\/f-Wid1-300x179.jpg 300w, https:\/\/ppformat.pl\/wp-content\/uploads\/2015\/08\/f-Wid1-768x457.jpg 768w\" sizes=\"auto, (max-width: 1000px) 100vw, 1000px\" \/> <img loading=\"lazy\" decoding=\"async\" class=\"alignnone size-large wp-image-237\" src=\"http:\/\/ppformat.pl\/wp-content\/uploads\/2015\/08\/f-1wid2a.jpg\" alt=\"\" width=\"1000\" height=\"613\" srcset=\"https:\/\/ppformat.pl\/wp-content\/uploads\/2015\/08\/f-1wid2a.jpg 1000w, https:\/\/ppformat.pl\/wp-content\/uploads\/2015\/08\/f-1wid2a-300x184.jpg 300w, https:\/\/ppformat.pl\/wp-content\/uploads\/2015\/08\/f-1wid2a-768x471.jpg 768w\" sizes=\"auto, (max-width: 1000px) 100vw, 1000px\" \/> <img loading=\"lazy\" decoding=\"async\" class=\"alignnone size-large wp-image-236\" src=\"http:\/\/ppformat.pl\/wp-content\/uploads\/2015\/08\/f-lot3.jpg\" alt=\"\" width=\"1000\" height=\"1000\" srcset=\"https:\/\/ppformat.pl\/wp-content\/uploads\/2015\/08\/f-lot3.jpg 1000w, https:\/\/ppformat.pl\/wp-content\/uploads\/2015\/08\/f-lot3-150x150.jpg 150w, https:\/\/ppformat.pl\/wp-content\/uploads\/2015\/08\/f-lot3-300x300.jpg 300w, https:\/\/ppformat.pl\/wp-content\/uploads\/2015\/08\/f-lot3-768x768.jpg 768w, https:\/\/ppformat.pl\/wp-content\/uploads\/2015\/08\/f-lot3-100x100.jpg 100w\" sizes=\"auto, (max-width: 1000px) 100vw, 1000px\" \/> <img loading=\"lazy\" decoding=\"async\" class=\"alignnone size-large wp-image-235\" src=\"http:\/\/ppformat.pl\/wp-content\/uploads\/2015\/08\/f-lot2.jpg\" alt=\"\" width=\"1000\" height=\"1000\" srcset=\"https:\/\/ppformat.pl\/wp-content\/uploads\/2015\/08\/f-lot2.jpg 1000w, https:\/\/ppformat.pl\/wp-content\/uploads\/2015\/08\/f-lot2-150x150.jpg 150w, https:\/\/ppformat.pl\/wp-content\/uploads\/2015\/08\/f-lot2-300x300.jpg 300w, https:\/\/ppformat.pl\/wp-content\/uploads\/2015\/08\/f-lot2-768x768.jpg 768w, https:\/\/ppformat.pl\/wp-content\/uploads\/2015\/08\/f-lot2-100x100.jpg 100w\" sizes=\"auto, (max-width: 1000px) 100vw, 1000px\" \/> <img loading=\"lazy\" decoding=\"async\" class=\"alignnone size-full wp-image-234\" src=\"http:\/\/ppformat.pl\/wp-content\/uploads\/2015\/08\/f-lot1.jpg\" alt=\"\" width=\"1000\" height=\"1000\" srcset=\"https:\/\/ppformat.pl\/wp-content\/uploads\/2015\/08\/f-lot1.jpg 1000w, https:\/\/ppformat.pl\/wp-content\/uploads\/2015\/08\/f-lot1-150x150.jpg 150w, https:\/\/ppformat.pl\/wp-content\/uploads\/2015\/08\/f-lot1-300x300.jpg 300w, https:\/\/ppformat.pl\/wp-content\/uploads\/2015\/08\/f-lot1-768x768.jpg 768w, https:\/\/ppformat.pl\/wp-content\/uploads\/2015\/08\/f-lot1-100x100.jpg 100w\" sizes=\"auto, (max-width: 1000px) 100vw, 1000px\" \/><\/p>\n","protected":false},"excerpt":{"rendered":"<p>S\u0105dy Rejonowy i Okr\u0119gowy\u00a0potrzebowa\u0142y nowej plac\u00f3wki. Wybrano niewielk\u0105 dzia\u0142k\u0119 w centrum miasta, przy placu, gdzie mieszcz\u0105 si\u0119 inne instytucje miejskie. Bogaty program funkcjonalny wym\u00f3g\u0142 zaprojektowanie wielokondygnacyjnego budynku, kt\u00f3rego wielko\u015b\u0107 mog\u0142a wywo\u0142a\u0107 niepok\u00f3j w\u015br\u00f3d przechodni\u00f3w. Obni\u017cyli\u015bmy wizualnie budynek poprzez wykonanie dw\u00f3ch najwy\u017cszych kondygnacji ca\u0142kowicie przeszklonych oraz przez za\u0142amanie ich fasady. Monumentalny charakter zapewniaj\u0105 jednolite elewacje ni\u017cszych [&hellip;]<\/p>\n","protected":false},"author":1,"featured_media":237,"comment_status":"closed","ping_status":"closed","sticky":false,"template":"","format":"standard","meta":{"footnotes":""},"categories":[2],"tags":[],"class_list":["post-233","post","type-post","status-publish","format-standard","has-post-thumbnail","hentry","category-budynki-uzytecznosci-publicznej"],"jetpack_featured_media_url":"https:\/\/ppformat.pl\/wp-content\/uploads\/2015\/08\/f-1wid2a.jpg","_links":{"self":[{"href":"https:\/\/ppformat.pl\/index.php?rest_route=\/wp\/v2\/posts\/233","targetHints":{"allow":["GET"]}}],"collection":[{"href":"https:\/\/ppformat.pl\/index.php?rest_route=\/wp\/v2\/posts"}],"about":[{"href":"https:\/\/ppformat.pl\/index.php?rest_route=\/wp\/v2\/types\/post"}],"author":[{"embeddable":true,"href":"https:\/\/ppformat.pl\/index.php?rest_route=\/wp\/v2\/users\/1"}],"replies":[{"embeddable":true,"href":"https:\/\/ppformat.pl\/index.php?rest_route=%2Fwp%2Fv2%2Fcomments&post=233"}],"version-history":[{"count":1,"href":"https:\/\/ppformat.pl\/index.php?rest_route=\/wp\/v2\/posts\/233\/revisions"}],"predecessor-version":[{"id":521,"href":"https:\/\/ppformat.pl\/index.php?rest_route=\/wp\/v2\/posts\/233\/revisions\/521"}],"wp:featuredmedia":[{"embeddable":true,"href":"https:\/\/ppformat.pl\/index.php?rest_route=\/wp\/v2\/media\/237"}],"wp:attachment":[{"href":"https:\/\/ppformat.pl\/index.php?rest_route=%2Fwp%2Fv2%2Fmedia&parent=233"}],"wp:term":[{"taxonomy":"category","embeddable":true,"href":"https:\/\/ppformat.pl\/index.php?rest_route=%2Fwp%2Fv2%2Fcategories&post=233"},{"taxonomy":"post_tag","embeddable":true,"href":"https:\/\/ppformat.pl\/index.php?rest_route=%2Fwp%2Fv2%2Ftags&post=233"}],"curies":[{"name":"wp","href":"https:\/\/api.w.org\/{rel}","templated":true}]}}